{"id":5737,"date":"2023-04-22T20:43:25","date_gmt":"2023-04-22T20:43:25","guid":{"rendered":"https:\/\/vr-solucoes.com\/porque-recorrer-a-um-profissional-de-arquitetura-ou-designer-de-interiores\/"},"modified":"2023-04-22T20:52:38","modified_gmt":"2023-04-22T20:52:38","slug":"porque-recorrer-a-um-profissional-de-arquitetura-ou-designer-de-interiores","status":"publish","type":"post","link":"https:\/\/vr-solucoes.com\/fr\/porque-recorrer-a-um-profissional-de-arquitetura-ou-designer-de-interiores\/","title":{"rendered":"Pourquoi faire appel \u00e0 un professionnel de l&#8217;architecture ou du design d&#8217;int\u00e9rieur ?"},"content":{"rendered":"<ul>\n<li>1 Exp\u00e9rience professionnelle : en tant qu&#8217;architecte ou designer d&#8217;int\u00e9rieur, ils ont une exp\u00e9rience professionnelle dans la conception d&#8217;espaces \u00e0 utiliser en fonction des besoins uniques du client. Ils aident le client \u00e0 maximiser l&#8217;espace disponible et \u00e0 cr\u00e9er des environnements fonctionnels et attrayants.<\/li>\n<li>2 Cr\u00e9ativit\u00e9 : en tant que professionnel, ils ont une vision cr\u00e9ative et originale pour concevoir des espaces qui refl\u00e8tent la personnalit\u00e9 et le style de vie du client. Ils pr\u00e9sentent des id\u00e9es et des solutions que le client n&#8217;aurait peut-\u00eatre pas envisag\u00e9es.<\/li>\n<li>3 Connaissances techniques : ils ont des connaissances techniques sur les mat\u00e9riaux, les couleurs, l&#8217;\u00e9clairage et les autres \u00e9l\u00e9ments qui composent un espace. Cela leur permet de s\u00e9lectionner et de recommander les meilleurs mat\u00e9riaux et techniques de construction pour garantir que l&#8217;espace soit s\u00fbr, durable et efficace.<\/li>\n<li>4 R\u00e9duction des co\u00fbts : un projet bien ex\u00e9cut\u00e9 \u00e9vite les erreurs, les omissions et les travaux en double, ce qui se traduit par une r\u00e9duction des co\u00fbts de construction.<\/li>\n<li>5 Valorisation de la propri\u00e9t\u00e9 : un projet bien ex\u00e9cut\u00e9 valorise la propri\u00e9t\u00e9, augmentant ainsi son potentiel de vente ou de location. En tant qu&#8217;architecte ou designer d&#8217;int\u00e9rieur, ils peuvent garantir que le projet est fonctionnel, attrayant et \u00e0 jour, augmentant ainsi la valeur de la propri\u00e9t\u00e9.<\/li>\n<\/ul>\n","protected":false},"excerpt":{"rendered":"<p>1 Exp\u00e9rience professionnelle : en tant qu&#8217;architecte ou designer d&#8217;int\u00e9rieur, ils ont une exp\u00e9rience professionnelle [&hellip;]<\/p>\n","protected":false},"author":2,"featured_media":5733,"comment_status":"closed","ping_status":"closed","sticky":false,"template":"","format":"standard","meta":[],"categories":[50],"tags":[],"acf":[],"yoast_head":"<!-- This site is optimized with the Yoast SEO plugin v19.9 - https:\/\/yoast.com\/wordpress\/plugins\/seo\/ -->\n<title>Pourquoi faire appel \u00e0 un professionnel de l&#039;architecture ou du design d&#039;int\u00e9rieur ? - VR Solu\u00e7\u00f5es<\/title>\n<meta name=\"robots\" content=\"index, follow, max-snippet:-1, max-image-preview:large, max-video-preview:-1\" \/>\n<link rel=\"canonical\" href=\"https:\/\/vr-solucoes.com\/fr\/porque-recorrer-a-um-profissional-de-arquitetura-ou-designer-de-interiores\/\" \/>\n<meta property=\"og:locale\" content=\"fr_FR\" \/>\n<meta property=\"og:type\" content=\"article\" \/>\n<meta property=\"og:title\" content=\"Pourquoi faire appel \u00e0 un professionnel de l&#039;architecture ou du design d&#039;int\u00e9rieur ? - VR Solu\u00e7\u00f5es\" \/>\n<meta property=\"og:description\" content=\"1 Exp\u00e9rience professionnelle : en tant qu&#8217;architecte ou designer d&#8217;int\u00e9rieur, ils ont une exp\u00e9rience professionnelle [&hellip;]\" \/>\n<meta property=\"og:url\" content=\"https:\/\/vr-solucoes.com\/fr\/porque-recorrer-a-um-profissional-de-arquitetura-ou-designer-de-interiores\/\" \/>\n<meta property=\"og:site_name\" content=\"VR Solu\u00e7\u00f5es\" \/>\n<meta property=\"article:published_time\" content=\"2023-04-22T20:43:25+00:00\" \/>\n<meta property=\"article:modified_time\" content=\"2023-04-22T20:52:38+00:00\" \/>\n<meta property=\"og:image\" content=\"https:\/\/vr-solucoes.com\/wp-content\/uploads\/2023\/04\/imagem-art-arquitetos.jpg\" \/>\n\t<meta property=\"og:image:width\" content=\"1105\" \/>\n\t<meta property=\"og:image:height\" content=\"717\" \/>\n\t<meta property=\"og:image:type\" content=\"image\/jpeg\" \/>\n<meta name=\"author\" content=\"VR Solu\u00e7\u00f5es\" \/>\n<meta name=\"twitter:card\" content=\"summary_large_image\" \/>\n<meta name=\"twitter:label1\" content=\"\u00c9crit par\" \/>\n\t<meta name=\"twitter:data1\" content=\"VR Solu\u00e7\u00f5es\" \/>\n\t<meta name=\"twitter:label2\" content=\"Dur\u00e9e de lecture estim\u00e9e\" \/>\n\t<meta name=\"twitter:data2\" content=\"2 minutes\" \/>\n<script type=\"application\/ld+json\" class=\"yoast-schema-graph\">{\"@context\":\"https:\/\/schema.org\",\"@graph\":[{\"@type\":\"WebPage\",\"@id\":\"https:\/\/vr-solucoes.com\/fr\/porque-recorrer-a-um-profissional-de-arquitetura-ou-designer-de-interiores\/\",\"url\":\"https:\/\/vr-solucoes.com\/fr\/porque-recorrer-a-um-profissional-de-arquitetura-ou-designer-de-interiores\/\",\"name\":\"Pourquoi faire appel \u00e0 un professionnel de l'architecture ou du design d'int\u00e9rieur ? - VR Solu\u00e7\u00f5es\",\"isPartOf\":{\"@id\":\"https:\/\/vr-solucoes.com\/#website\"},\"datePublished\":\"2023-04-22T20:43:25+00:00\",\"dateModified\":\"2023-04-22T20:52:38+00:00\",\"author\":{\"@id\":\"https:\/\/vr-solucoes.com\/#\/schema\/person\/020c23589ae4e25fc6cd8b446265dac2\"},\"breadcrumb\":{\"@id\":\"https:\/\/vr-solucoes.com\/fr\/porque-recorrer-a-um-profissional-de-arquitetura-ou-designer-de-interiores\/#breadcrumb\"},\"inLanguage\":\"fr-FR\",\"potentialAction\":[{\"@type\":\"ReadAction\",\"target\":[\"https:\/\/vr-solucoes.com\/fr\/porque-recorrer-a-um-profissional-de-arquitetura-ou-designer-de-interiores\/\"]}]},{\"@type\":\"BreadcrumbList\",\"@id\":\"https:\/\/vr-solucoes.com\/fr\/porque-recorrer-a-um-profissional-de-arquitetura-ou-designer-de-interiores\/#breadcrumb\",\"itemListElement\":[{\"@type\":\"ListItem\",\"position\":1,\"name\":\"Home\",\"item\":\"https:\/\/vr-solucoes.com\/fr\/\"},{\"@type\":\"ListItem\",\"position\":2,\"name\":\"Pourquoi faire appel \u00e0 un professionnel de l&#8217;architecture ou du design d&#8217;int\u00e9rieur ?\"}]},{\"@type\":\"WebSite\",\"@id\":\"https:\/\/vr-solucoes.com\/#website\",\"url\":\"https:\/\/vr-solucoes.com\/\",\"name\":\"VR Solu\u00e7\u00f5es\",\"description\":\"\",\"potentialAction\":[{\"@type\":\"SearchAction\",\"target\":{\"@type\":\"EntryPoint\",\"urlTemplate\":\"https:\/\/vr-solucoes.com\/?s={search_term_string}\"},\"query-input\":\"required name=search_term_string\"}],\"inLanguage\":\"fr-FR\"},{\"@type\":\"Person\",\"@id\":\"https:\/\/vr-solucoes.com\/#\/schema\/person\/020c23589ae4e25fc6cd8b446265dac2\",\"name\":\"VR Solu\u00e7\u00f5es\",\"image\":{\"@type\":\"ImageObject\",\"inLanguage\":\"fr-FR\",\"@id\":\"https:\/\/vr-solucoes.com\/#\/schema\/person\/image\/\",\"url\":\"https:\/\/secure.gravatar.com\/avatar\/f82850d970ba66edbb7bf4ff8a33e2df?s=96&d=mm&r=g\",\"contentUrl\":\"https:\/\/secure.gravatar.com\/avatar\/f82850d970ba66edbb7bf4ff8a33e2df?s=96&d=mm&r=g\",\"caption\":\"VR Solu\u00e7\u00f5es\"},\"url\":\"https:\/\/vr-solucoes.com\/fr\/author\/admin\/\"}]}<\/script>\n<!-- \/ Yoast SEO plugin. -->","yoast_head_json":{"title":"Pourquoi faire appel \u00e0 un professionnel de l'architecture ou du design d'int\u00e9rieur ? - VR Solu\u00e7\u00f5es","robots":{"index":"index","follow":"follow","max-snippet":"max-snippet:-1","max-image-preview":"max-image-preview:large","max-video-preview":"max-video-preview:-1"},"canonical":"https:\/\/vr-solucoes.com\/fr\/porque-recorrer-a-um-profissional-de-arquitetura-ou-designer-de-interiores\/","og_locale":"fr_FR","og_type":"article","og_title":"Pourquoi faire appel \u00e0 un professionnel de l'architecture ou du design d'int\u00e9rieur ? - VR Solu\u00e7\u00f5es","og_description":"1 Exp\u00e9rience professionnelle : en tant qu&#8217;architecte ou designer d&#8217;int\u00e9rieur, ils ont une exp\u00e9rience professionnelle [&hellip;]","og_url":"https:\/\/vr-solucoes.com\/fr\/porque-recorrer-a-um-profissional-de-arquitetura-ou-designer-de-interiores\/","og_site_name":"VR Solu\u00e7\u00f5es","article_published_time":"2023-04-22T20:43:25+00:00","article_modified_time":"2023-04-22T20:52:38+00:00","og_image":[{"width":1105,"height":717,"url":"https:\/\/vr-solucoes.com\/wp-content\/uploads\/2023\/04\/imagem-art-arquitetos.jpg","type":"image\/jpeg"}],"author":"VR Solu\u00e7\u00f5es","twitter_card":"summary_large_image","twitter_misc":{"\u00c9crit par":"VR Solu\u00e7\u00f5es","Dur\u00e9e de lecture estim\u00e9e":"2 minutes"},"schema":{"@context":"https:\/\/schema.org","@graph":[{"@type":"WebPage","@id":"https:\/\/vr-solucoes.com\/fr\/porque-recorrer-a-um-profissional-de-arquitetura-ou-designer-de-interiores\/","url":"https:\/\/vr-solucoes.com\/fr\/porque-recorrer-a-um-profissional-de-arquitetura-ou-designer-de-interiores\/","name":"Pourquoi faire appel \u00e0 un professionnel de l'architecture ou du design d'int\u00e9rieur ? - VR Solu\u00e7\u00f5es","isPartOf":{"@id":"https:\/\/vr-solucoes.com\/#website"},"datePublished":"2023-04-22T20:43:25+00:00","dateModified":"2023-04-22T20:52:38+00:00","author":{"@id":"https:\/\/vr-solucoes.com\/#\/schema\/person\/020c23589ae4e25fc6cd8b446265dac2"},"breadcrumb":{"@id":"https:\/\/vr-solucoes.com\/fr\/porque-recorrer-a-um-profissional-de-arquitetura-ou-designer-de-interiores\/#breadcrumb"},"inLanguage":"fr-FR","potentialAction":[{"@type":"ReadAction","target":["https:\/\/vr-solucoes.com\/fr\/porque-recorrer-a-um-profissional-de-arquitetura-ou-designer-de-interiores\/"]}]},{"@type":"BreadcrumbList","@id":"https:\/\/vr-solucoes.com\/fr\/porque-recorrer-a-um-profissional-de-arquitetura-ou-designer-de-interiores\/#breadcrumb","itemListElement":[{"@type":"ListItem","position":1,"name":"Home","item":"https:\/\/vr-solucoes.com\/fr\/"},{"@type":"ListItem","position":2,"name":"Pourquoi faire appel \u00e0 un professionnel de l&#8217;architecture ou du design d&#8217;int\u00e9rieur ?"}]},{"@type":"WebSite","@id":"https:\/\/vr-solucoes.com\/#website","url":"https:\/\/vr-solucoes.com\/","name":"VR Solu\u00e7\u00f5es","description":"","potentialAction":[{"@type":"SearchAction","target":{"@type":"EntryPoint","urlTemplate":"https:\/\/vr-solucoes.com\/?s={search_term_string}"},"query-input":"required name=search_term_string"}],"inLanguage":"fr-FR"},{"@type":"Person","@id":"https:\/\/vr-solucoes.com\/#\/schema\/person\/020c23589ae4e25fc6cd8b446265dac2","name":"VR Solu\u00e7\u00f5es","image":{"@type":"ImageObject","inLanguage":"fr-FR","@id":"https:\/\/vr-solucoes.com\/#\/schema\/person\/image\/","url":"https:\/\/secure.gravatar.com\/avatar\/f82850d970ba66edbb7bf4ff8a33e2df?s=96&d=mm&r=g","contentUrl":"https:\/\/secure.gravatar.com\/avatar\/f82850d970ba66edbb7bf4ff8a33e2df?s=96&d=mm&r=g","caption":"VR Solu\u00e7\u00f5es"},"url":"https:\/\/vr-solucoes.com\/fr\/author\/admin\/"}]}},"_links":{"self":[{"href":"https:\/\/vr-solucoes.com\/fr\/wp-json\/wp\/v2\/posts\/5737"}],"collection":[{"href":"https:\/\/vr-solucoes.com\/fr\/wp-json\/wp\/v2\/posts"}],"about":[{"href":"https:\/\/vr-solucoes.com\/fr\/wp-json\/wp\/v2\/types\/post"}],"author":[{"embeddable":true,"href":"https:\/\/vr-solucoes.com\/fr\/wp-json\/wp\/v2\/users\/2"}],"replies":[{"embeddable":true,"href":"https:\/\/vr-solucoes.com\/fr\/wp-json\/wp\/v2\/comments?post=5737"}],"version-history":[{"count":0,"href":"https:\/\/vr-solucoes.com\/fr\/wp-json\/wp\/v2\/posts\/5737\/revisions"}],"wp:featuredmedia":[{"embeddable":true,"href":"https:\/\/vr-solucoes.com\/fr\/wp-json\/wp\/v2\/media\/5733"}],"wp:attachment":[{"href":"https:\/\/vr-solucoes.com\/fr\/wp-json\/wp\/v2\/media?parent=5737"}],"wp:term":[{"taxonomy":"category","embeddable":true,"href":"https:\/\/vr-solucoes.com\/fr\/wp-json\/wp\/v2\/categories?post=5737"},{"taxonomy":"post_tag","embeddable":true,"href":"https:\/\/vr-solucoes.com\/fr\/wp-json\/wp\/v2\/tags?post=5737"}],"curies":[{"name":"wp","href":"https:\/\/api.w.org\/{rel}","templated":true}]}}